{"id":163,"date":"2022-06-25T05:42:32","date_gmt":"2022-06-25T05:42:32","guid":{"rendered":"http:\/\/isabellarolz.com\/website\/?p=163"},"modified":"2022-06-25T05:42:32","modified_gmt":"2022-06-25T05:42:32","slug":"la-dama-del-polvo-mi-madre-era-mucho-mas-que-esa-foto-que-la-volvio-inmortal","status":"publish","type":"post","link":"http:\/\/isabellarolz.com\/website\/index.php\/2022\/06\/25\/la-dama-del-polvo-mi-madre-era-mucho-mas-que-esa-foto-que-la-volvio-inmortal\/","title":{"rendered":"La dama del polvo: &#8220;Mi madre era mucho m\u00e1s que esa foto que la volvi\u00f3 inmortal&#8221;"},"content":{"rendered":"\n<figure class=\"wp-block-image size-large\"><img src=\"https:\/\/www.clarin.com\/redaccionfiler\/clarin\/desarrollo\/2021\/sociedad\/911\/notas\/images\/nota-8.jpg\" alt=\"\"\/><\/figure>\n\n\n\n<p>Texto:&nbsp;Isabella Rolz<\/p>\n\n\n\n<h2>Noelle Borders ten\u00eda 8 a\u00f1os cuando la imagen de su mama, cubierta de polvo, dio la vuelta al mundo. Marcy Borders muri\u00f3 en 2015 por un c\u00e1ncer provocado por las toxinas que aspir\u00f3 durante el derrumbe.<\/h2>\n\n\n\n<p><\/p>\n\n\n\n<p><a rel=\"noreferrer noopener\" href=\"https:\/\/www.clarin.com\/autor\/isabella-rolz.html\" target=\"_blank\">Isabella Rolz<\/a><\/p>\n\n\n\n<p>Actualizado al 10\/09\/2021 10:47<\/p>\n\n\n\n<p>Noelle Borders (28) recuerda claramente los atentados del 11 de septiembre de 2001,&nbsp;un d\u00eda de p\u00e1nico e incertidumbre para ella y el resto de su familia. Es la hija de uno de los rostros m\u00e1s emblem\u00e1ticos de la tragedia, una mujer negra que pas\u00f3 a la imortalidad como \u201cla dama del polvo\u201d por una fotograf\u00eda capturada en el momento justo.<\/p>\n\n\n\n<p>La imagen es&nbsp;<strong>potente e inolvidable<\/strong>: sintetiza el horror, la desesperaci\u00f3n y, al mismo tiempo, la supervivencia. Noelle ten\u00eda tan solo ocho a\u00f1os aquel d\u00eda en casi pierde a su madre. Estaba en tercer grado de primaria. \u201cMi maestra nos mostraba las noticias todos los d\u00edas y en ese instante cuando enciende el televisor: \u00a1Vimos caer las torres!\u201d, comparte. \u201cYo no sab\u00eda que mi madre trabajaba en el World Trade Center. Ella me hab\u00eda comentado que ten\u00eda este nuevo empleo, del que estaba muy emocionada\u2026 realmente yo era muy chica\u201d.<img src=\"https:\/\/www.clarin.com\/img\/2021\/09\/09\/lady-dust-un-icono-del___poaiPMZoy_720x0__1.jpg\" alt=\"&quot;Lady Dust&quot;, un icono del 11-S. Marcy Borders muri\u00f3 de un c\u00e1ncer que atribuy\u00f3 a la inhalaci\u00f3n de sustancias t\u00f3xicas. AFP\"><\/p>\n\n\n\n<p>&#8220;Lady Dust&#8221;, un icono del 11-S. Marcy Borders muri\u00f3 de un c\u00e1ncer que atribuy\u00f3 a la inhalaci\u00f3n de sustancias t\u00f3xicas. AFP<\/p>\n\n\n\n<p>Su madre, Marcy&nbsp;Borders, fue una de las sobrevivientes de los atentados, quiz\u00e1s uno de los individuos dentro de las torres con mayor suerte. Ese 11 de septiembre era su&nbsp;<strong>primer d\u00eda de pago,<\/strong>&nbsp;ya que&nbsp;recientemente hab\u00eda logrado conseguir un puesto como asistente legal en el piso 82. Por eso&nbsp;<strong>no estaba consciente de las precauciones de seguridad&nbsp;<\/strong>y no sab\u00eda que, en caso de emergencia, deb\u00eda ir al interior de un peque\u00f1o cuarto.<\/p>\n\n\n\n<p>\u201cCuando empez\u00f3 a temblar, su jefe dijo que se tranquilizara porque estaba asustando a todo el mundo\u201d, dice Noelle. Sin embargo,&nbsp;<strong>la reacci\u00f3n de Nancy fue empezar a bajar las escaleras y correr.<\/strong>&nbsp;\u201cHubo un momento en que pens\u00f3 que no sobreviv\u00eda, pero un hombre detr\u00e1s de ella la empuj\u00f3\u201d. Fue entonces cuando al terminar de bajar las escaleras en una carrera desesperada, escapando de un derrumbe que se le ven\u00eda encima, \u201cempez\u00f3 a limpiarse el polvo de su rostro y el fot\u00f3grafo captur\u00f3 la famosa imagen\u201d.<img src=\"https:\/\/www.clarin.com\/img\/2021\/08\/29\/noelle-borders-la-hija-mayor___uDUVNSd_g_720x0__1.jpg\" alt=\"Noelle Borders, la hija mayor de Marcy Borders (La Mujer del Polvo), sostiene la foto de su madre el 11 de septiembre del 2001. Foto Adriana Groisman\"><\/p>\n\n\n\n<p>Noelle Borders, la hija mayor de Marcy Borders (La Mujer del Polvo), sostiene la foto de su madre el 11 de septiembre del 2001. Foto Adriana Groisman<\/p>\n\n\n\n<p>Noelle y Marcy&nbsp;eran muy cercanas. Su hija la describe como el tipo de madre que, sin importar la situaci\u00f3n, siempre estaba pendiente. Es por esto que el d\u00eda de la tragedia, Noelle recuerda sorprenderse al ser la \u00fanica ni\u00f1a sentada en clase. Al resto de los alumnos sus padres los hab\u00edan recogido r\u00e1pidamente de la escuela esa ma\u00f1ana. \u201cEmpec\u00e9 a ponerme nerviosa y a preguntarme&nbsp;<strong>\u00bfd\u00f3nde est\u00e1 mi mam\u00e1? S\u00e9 que se fue a trabajar, pero esto es algo serio que acaba de pasar\u201d.<\/strong><\/p>\n\n\n\n<p>Cuando su t\u00eda la recogi\u00f3, Noelle empez\u00f3 a llorar. Entendi\u00f3 que su madre estaba en las torres.&nbsp;<strong>\u201cAl llegar a casa todos en mi familia eran un manojo de nervios\u201d, dice.<\/strong>&nbsp;\u201cEl tel\u00e9fono no paraba de sonar, pero no ten\u00eda autorizaci\u00f3n de responderlo, o que viera las noticias en el televisor\u201d. De pronto, cuando sus familiares salieron de la casa para evitar que Noelle escuchara, la ni\u00f1a logr\u00f3 atender una llamada. \u201cRecuerdo que de alguna manera mi madre pudo agarrar un tel\u00e9fono p\u00fablico y lo \u00fanico que hizo fue gritar y llorar, eso me hizo llorar a m\u00ed tambi\u00e9n. Y aunque no nos dijimos muchas palabras en ese momento,<strong>&nbsp;mi coraz\u00f3n estaba tranquilo sabiendo que ella estaba bien\u201d.<\/strong><\/p>\n\n\n\n<p><strong>\u200b<\/strong><img src=\"https:\/\/www.clarin.com\/img\/2021\/08\/29\/marcy-borders-en-2014-afp___eS3uFlJUC_720x0__1.jpg\" alt=\"Marcy Borders en 2014. \/ AFP\"><\/p>\n\n\n\n<p>Marcy Borders en 2014. \/ AFP<\/p>\n\n\n\n<p><strong>\u200b<\/strong><\/p>\n\n\n\n<p>El d\u00eda de los atentados, Marcy&nbsp;logr\u00f3 llegar a su casa a las 21, sin necesidad de atenci\u00f3n m\u00e9dica. Su hija recuerda que su madre estaba extremadamente nerviosa y ansiosa; caracter\u00edsticas que adopt\u00f3 despu\u00e9s y jam\u00e1s pudo dejar atr\u00e1s. Despu\u00e9s del 11 de septiembre \u201cno quer\u00eda salir a la calle, nunca volvi\u00f3 al trabajo o a estar entre grandes multitudes\u201d, dice Noelle. Incluso, tard\u00f3 varios a\u00f1os en volver a viajar de Nueva Jersey a&nbsp;Manhattan. Todo le recordaba a aquella ma\u00f1ana en la que su vida iba a cambiar para siempre y se levantar\u00eda al d\u00eda siguiente convirti\u00e9ndose en&nbsp;<strong>una de las figuras del horror.<\/strong><\/p>\n\n\n\n<p>Ver la foto de su cara en peri\u00f3dicos famosos de todo el mundo la puso muy nerviosa, describe Noelle. Entonces, como varios de los sobrevivientes de los ataques, empez\u00f3 a buscar las drogas y el alcohol para ocultar su trauma. &#8220;Pero como mi madre siempre fue mi mejor amiga, independientemente de lo que estuviera pasando, jam\u00e1s me permiti\u00f3 ver esa fase de su vida\u201d. La joven comenta que se enter\u00f3 de este tipo de problemas a\u00f1os despu\u00e9s.<img src=\"https:\/\/www.clarin.com\/img\/2021\/08\/29\/noelle-borders-la-hija-mayor___0qMJ0fLhe_720x0__1.jpg\" alt=\"Noelle Borders, la hija mayor de Marcy Borders. Foto Adriana Groisman\"><\/p>\n\n\n\n<p>Noelle Borders, la hija mayor de Marcy Borders. Foto Adriana Groisman<\/p>\n\n\n\n<p>En agosto del 2015, \u201cla dama del polvo\u201d falleci\u00f3 a sus 42 a\u00f1os por una especie de c\u00e1ncer en el est\u00f3mago, provocado por los qu\u00edmicos a los que su cuerpo estuvo expuesto ese d\u00eda. &#8220;Cuando mi&nbsp;madre se enter\u00f3 de que su enfermedad era terminal me prepar\u00f3 mentalmente para cuando se fuera\u201d, cuenta&nbsp;Noelle. \u201cRecuerdo que nuestro \u00faltimo d\u00eda de la madre&nbsp;me dijo que esa ser\u00eda nuestra despedida.<strong>&nbsp;Yo dec\u00eda, \u00bfde qu\u00e9 est\u00e1s hablando?, deja de expresarte as\u00ed\u201d.<\/strong>&nbsp;Marcy&nbsp;muri\u00f3 pocos meses despu\u00e9s.<\/p>\n\n\n\n<p>Para Noelle y sus familiares, los meses de agosto y septiembre son dif\u00edciles pues les traen recuerdos traum\u00e1ticos, complejos y dif\u00edciles de explicar. Sin embargo, este 11 de septiembre que se cumplen los 20 a\u00f1os de los atentados, Noelle quiere compartir que a pesar de que para el mundo su madre ser\u00e1 por siempre \u201cla dama del polvo\u201d, para ella, siempre ser\u00e1 su mejor amiga. \u201cLa recuerdo como el personaje dulce y optimista que ella era ante mis ojos. Quiero agradecerle por siempre ocultarme su peor etapa, y, al contrario: apreciar, amar y sacar adelante a su hija\u201d.<\/p>\n","protected":false},"excerpt":{"rendered":"<p>Texto:&nbsp;Isabella Rolz Noelle Borders ten\u00eda 8 a\u00f1os cuando la imagen de su mama, cubierta de polvo, dio la vuelta al mundo. Marcy Borders muri\u00f3 en 2015 por un c\u00e1ncer provocado por las toxinas que aspir\u00f3 durante el derrumbe. Isabella Rolz Actualizado al 10\/09\/2021 10:47 Noelle Borders (28) recuerda claramente los atentados del 11 de septiembre<a class=\"more-link\" href=\"http:\/\/isabellarolz.com\/website\/index.php\/2022\/06\/25\/la-dama-del-polvo-mi-madre-era-mucho-mas-que-esa-foto-que-la-volvio-inmortal\/\">Continue reading <span class=\"screen-reader-text\">&#8220;La dama del polvo: &#8220;Mi madre era mucho m\u00e1s que esa foto que la volvi\u00f3 inmortal&#8221;&#8221;<\/span><\/a><\/p>\n","protected":false},"author":1,"featured_media":0,"comment_status":"open","ping_status":"open","sticky":false,"template":"","format":"standard","meta":[],"categories":[4],"tags":[],"_links":{"self":[{"href":"http:\/\/isabellarolz.com\/website\/index.php\/wp-json\/wp\/v2\/posts\/163"}],"collection":[{"href":"http:\/\/isabellarolz.com\/website\/index.php\/wp-json\/wp\/v2\/posts"}],"about":[{"href":"http:\/\/isabellarolz.com\/website\/index.php\/wp-json\/wp\/v2\/types\/post"}],"author":[{"embeddable":true,"href":"http:\/\/isabellarolz.com\/website\/index.php\/wp-json\/wp\/v2\/users\/1"}],"replies":[{"embeddable":true,"href":"http:\/\/isabellarolz.com\/website\/index.php\/wp-json\/wp\/v2\/comments?post=163"}],"version-history":[{"count":1,"href":"http:\/\/isabellarolz.com\/website\/index.php\/wp-json\/wp\/v2\/posts\/163\/revisions"}],"predecessor-version":[{"id":164,"href":"http:\/\/isabellarolz.com\/website\/index.php\/wp-json\/wp\/v2\/posts\/163\/revisions\/164"}],"wp:attachment":[{"href":"http:\/\/isabellarolz.com\/website\/index.php\/wp-json\/wp\/v2\/media?parent=163"}],"wp:term":[{"taxonomy":"category","embeddable":true,"href":"http:\/\/isabellarolz.com\/website\/index.php\/wp-json\/wp\/v2\/categories?post=163"},{"taxonomy":"post_tag","embeddable":true,"href":"http:\/\/isabellarolz.com\/website\/index.php\/wp-json\/wp\/v2\/tags?post=163"}],"curies":[{"name":"wp","href":"https:\/\/api.w.org\/{rel}","templated":true}]}}