{"id":168,"date":"2022-06-25T05:49:26","date_gmt":"2022-06-25T05:49:26","guid":{"rendered":"http:\/\/isabellarolz.com\/website\/?p=168"},"modified":"2022-06-25T05:49:26","modified_gmt":"2022-06-25T05:49:26","slug":"pandemiadesinformados-y-desconfiados-los-latinos-en-estados-unidos-sin-vacuna-y-presa-del-covid","status":"publish","type":"post","link":"http:\/\/isabellarolz.com\/website\/index.php\/2022\/06\/25\/pandemiadesinformados-y-desconfiados-los-latinos-en-estados-unidos-sin-vacuna-y-presa-del-covid\/","title":{"rendered":"Pandemia<br>\u201cDesinformados y desconfiados\u201d: los latinos en Estados Unidos sin vacuna y presa del covid"},"content":{"rendered":"\n<h2>Los hispanos representan el 23,7% de los casos de covid en el pa\u00eds. Apenas el 10,6% recibi\u00f3 una dosis de la vacuna. Los motivos.<\/h2>\n\n\n\n<p><img src=\"https:\/\/www.clarin.com\/img\/2021\/11\/25\/una-mujer-latina-durante-un___GQrwHWH2R_340x340__1.jpg\" alt=\"\u201cDesinformados y desconfiados\u201d: los latinos en Estados Unidos sin vacuna y presa del covid\" style=\"width: 800px;\"><\/p>\n\n\n\n<p>Una mujer latina durante un testeo de covid en Los \u00c1ngeles. Foto: EFE<\/p>\n\n\n\n<p>A medida que la Delta y otras variantes m\u00e1s transmisibles&nbsp;<a target=\"_blank\" href=\"https:\/\/www.clarin.com\/mundo\/variante-delta-coronavirus-extiende-unidos-pone-alerta-gobierno_0__bI92k_M2.html\" rel=\"noreferrer noopener\">se extienden por los Estados Unidos<\/a>,&nbsp;<strong>la poblaci\u00f3n no vacunada<\/strong>&nbsp;sigue corriendo un mayor riesgo de infectarse, enfermarse gravemente, o morir. Y la comunidad latina parece estar&nbsp;<strong>primera en la fila.<\/strong><\/p>\n\n\n\n<p>En los \u00faltimos 14 d\u00edas,&nbsp;<strong>s\u00f3lo el 10,6% de los latinos<\/strong>&nbsp;recibi\u00f3&nbsp;<strong>su primera dosis,<\/strong>&nbsp;en comparaci\u00f3n con el 60,6% de los blancos, seg\u00fan el Centro de Control de Prevenci\u00f3n y Control Enfermedades (CDC, por sus siglas en ingl\u00e9s).<\/p>\n\n\n\n<p>El fen\u00f3meno no es nuevo.&nbsp;<strong>Hispanos y afroamericanos<\/strong>&nbsp;han sido golpeados durante por la pandemia desde un principio. El a\u00f1o pasado, en Nueva York, el&nbsp;<a target=\"_blank\" href=\"https:\/\/www.clarin.com\/internacional\/estados-unidos\/coronavirus-unidos-62-muertos-nueva-york-latinos-negros_0_Su6QK85oq.html\" rel=\"noreferrer noopener\">62% de los muertos eran&nbsp;latinos y negros<\/a>, seg\u00fan cifras de la ciudad.<img src=\"https:\/\/www.clarin.com\/img\/2020\/06\/21\/el-coronavirus-se-extiende-en___UtzPauU3P_720x0__1.jpg\" alt=\"El coronavirus se extiende en la comunidad latina, en Estados Unidos. Foto: AP\"><\/p>\n\n\n\n<p>El coronavirus se extiende en la comunidad latina, en Estados Unidos. Foto: AP<\/p>\n\n\n\n<p>Esto se debe principalmente a que muchos latinos en EE.UU. trabajan como empleados esenciales, tienen m\u00e1s de un trabajo a la vez, laboran para empresas peque\u00f1as que no ofrecen tiempo libre, o pertenecen&nbsp;<strong>al sector informal de la econom\u00eda.<\/strong><\/p>\n\n\n\n<h2>Un sistema que no est\u00e1 preparado<\/h2>\n\n\n\n<p>Actualmente,&nbsp;<strong>los hispanos representan el 23,7% de los casos de COVID-19<\/strong>&nbsp;en el pa\u00eds.<\/p>\n\n\n\n<p>La Dr. Elena R\u00edos (66), directora general de la Asociaci\u00f3n M\u00e9dica Nacional Hispana afirma que tambi\u00e9n la falta de&nbsp;<strong>servicios de traducci\u00f3n&nbsp;<\/strong>y personal que hable espa\u00f1ol en centros m\u00e9dicos ha inducido a que &#8220;el sistema en EE.UU. no est\u00e9&nbsp;<strong>preparado para ayudar a nuestra comunidad<\/strong>&nbsp;para lo que necesita \u2026 y por esto los casos sigan subiendo&#8221;.<\/p>\n\n\n\n<p>CASOS<br><strong>85.500.976<\/strong><\/p>\n\n\n\n<hr class=\"wp-block-separator has-alpha-channel-opacity\"\/>\n\n\n\n<p>259.462,9<br>por mill\u00f3n de hab.<\/p>\n\n\n\n<p>EE.UU.<\/p>\n\n\n\n<p>MUERTES<br><strong>1.011.260<\/strong><\/p>\n\n\n\n<hr class=\"wp-block-separator has-alpha-channel-opacity\"\/>\n\n\n\n<p>3.080,9<br>por mill\u00f3n de hab.<\/p>\n\n\n\n<hr class=\"wp-block-separator has-alpha-channel-opacity\"\/>\n\n\n\n<p>Fuente:&nbsp;<strong>Johns Hopkins<\/strong>Chart:&nbsp;<strong>Flourish<\/strong>&nbsp;| Infograf\u00eda:&nbsp;<strong>Clar\u00edn<\/strong><\/p>\n\n\n\n<p>S\u00f3lo el 5% de los doctores en todo el pa\u00eds son de origen hispano, comparte R\u00edos. Uno de estos pocos m\u00e9dicos, es el Dr. Roberto Cruz-Gervis, de 56 a\u00f1os, jefe del servicio hospitalario y director de la Unidad de Cuidados Intensivos en el \u201cHospital Bautista de Nueva Inglaterra\u201d en Boston (Massachusetts).<\/p>\n\n\n\n<h2>&#8220;Confundidos&#8221;<\/h2>\n\n\n\n<p>Desde el momento m\u00e1s cr\u00edtico de la pandemia, Cruz-Gervis&nbsp;ha tratado pacientes con COVID-19 de distintos or\u00edgenes \u00e9tnicos, incluidos los latinos.<img src=\"https:\/\/www.clarin.com\/img\/2021\/11\/25\/muchos-latinos-no-se-vacunan___VJwNpBXRQ_720x0__1.jpg\" alt=\"Muchos latinos no se vacunan porque a\u00fan tienen dudas sobre la vacuna. Foto: EFE\"><\/p>\n\n\n\n<p>Muchos latinos no se vacunan porque a\u00fan tienen dudas sobre la vacuna. Foto: EFE<\/p>\n\n\n\n<p>Cruz-Gervis es un guatemalteco comprometido en ayudar a la poblaci\u00f3n latinoamericana. &#8220;Boston tiene una gran comunidad hispana y, por desgracia, el porcentaje de personas vacunadas&nbsp;<strong>es relativamente bajo<\/strong>&#8220;, comparte.<\/p>\n\n\n\n<p>Considera que se debe a que una vez que la vacuna se puso a disposici\u00f3n, &#8220;(los latinos)&nbsp;<strong>se han mostrado resistentes a ella<\/strong>, principalmente por ideas err\u00f3neas y a\u00fan est\u00e1n confundidos sobre cu\u00e1n segura sea para su salud\u201d.<\/p>\n\n\n\n<p>Rebecca Campos, costarricense de 69 a\u00f1os, quien hasta junio de 2021 fue consejera en la escuela secundaria \u201cWest Campus\u201d en Sacramento (California), comparte que le encantaba escuchar cuando sus estudiantes latinos le dec\u00edan que se estaban vacunando.&nbsp;Principalmente porque &#8220;siento que e<strong>st\u00e1n desinformados y simplemente hay una falta de confianza<\/strong>&#8220;, dice.<\/p>\n\n\n\n<p>Los especialistas en salud como el Dr. Cruz-Gervis y la Dra. R\u00edos, y tambi\u00e9n&nbsp;Campos, son partidarios de seguir promoviendo que la poblaci\u00f3n se vacune. Sobre todo, despu\u00e9s de ser testigos de c\u00f3mo algunas personas han aprendido por las malas,&nbsp;al perder amigos o familiares.<\/p>\n\n\n\n<p>Por ejemplo, Campos estuvo convencida de que necesitaba el refuerzo despu\u00e9s de que el jardinero que trabaj\u00f3 para su familia durante a\u00f1os falleci\u00f3 por COVID-19 tras negarse a vacunarse. &#8220;Era un hombre joven con hijos&#8230; su mujer ahora se ocupa de nuestro jard\u00edn, y simplemente me rompe el coraz\u00f3n&#8221;, dice.<\/p>\n\n\n\n<p>Para reducir la brecha de vacunaci\u00f3n entre la poblaci\u00f3n latina y la blanca, es necesario&nbsp;<strong>educar a la gente<\/strong>&nbsp;y encontrar la manera de ganarse su confianza.<\/p>\n\n\n\n<p>En marzo, la Asociaci\u00f3n M\u00e9dica Nacional Hispana lanz\u00f3 la campa\u00f1a&nbsp;<strong>\u201cVacunas Para Todos\u201d<\/strong>&nbsp;con el apoyo del CDC y de Johnson &amp; Johnson con el prop\u00f3sito de \u201cfomentar la confianza en las vacunas y de resolver dudas\u201d, dice la Dra. R\u00edos.<\/p>\n\n\n\n<p>A trav\u00e9s de redes sociales \u201chemos realizado&nbsp;<strong>distintos eventos virtuales<\/strong>&nbsp;en espa\u00f1ol con el apoyo de Univisi\u00f3n y Telemundo para transmitir el mensaje de que<strong>&nbsp;las vacunas son seguras<\/strong>. \u00a1Hemos sido bastante exitosos!\u201d, cuenta.<\/p>\n\n\n\n<p>Cruz-Gervis comparte que un enfoque eficaz, utilizado por l\u00edderes latinos en Boston y las comunidades circundantes, ha incluido que defensores de la vacuna&nbsp;<strong>visiten iglesias&nbsp;<\/strong>y sitios recreacionales. &#8220;Este m\u00e9todo parece estar dando sus frutos&#8221;, dice.<\/p>\n\n\n\n<p>&#8220;Todos estamos aprendiendo juntos sobre este virus&#8221;, comparte el Dr. Cruz-Gervis, ya que es fundamental que la poblaci\u00f3n comprenda que es&nbsp;<strong>una enfermedad muy nueva<\/strong>&nbsp;en comparaci\u00f3n con muchas otras infecciones que los cient\u00edficos han podido estudiar durante muchos a\u00f1os.<\/p>\n\n\n\n<p>Conforme la informaci\u00f3n sobre el COVID-19 sigue evolucionando, es imprescindible confiar en los expertos y la ciencia. &#8220;Quiero decirle a la comunidad latina que no hay nada que temer&#8221;, afirma Campos. &#8220;Si quieres a tu familia, ve a vacunarte&#8221;.<\/p>\n\n\n\n<p><em>Isabella Rolz, especial para<\/em><strong><em>&nbsp;<\/em>Clar\u00edn<\/strong><\/p>\n","protected":false},"excerpt":{"rendered":"<p>Los hispanos representan el 23,7% de los casos de covid en el pa\u00eds. Apenas el 10,6% recibi\u00f3 una dosis de la vacuna. Los motivos. Una mujer latina durante un testeo de covid en Los \u00c1ngeles. Foto: EFE A medida que la Delta y otras variantes m\u00e1s transmisibles&nbsp;se extienden por los Estados Unidos,&nbsp;la poblaci\u00f3n no vacunada&nbsp;sigue<a class=\"more-link\" href=\"http:\/\/isabellarolz.com\/website\/index.php\/2022\/06\/25\/pandemiadesinformados-y-desconfiados-los-latinos-en-estados-unidos-sin-vacuna-y-presa-del-covid\/\">Continue reading <span class=\"screen-reader-text\">&#8220;Pandemia<br \/>\u201cDesinformados y desconfiados\u201d: los latinos en Estados Unidos sin vacuna y presa del covid&#8221;<\/span><\/a><\/p>\n","protected":false},"author":1,"featured_media":0,"comment_status":"open","ping_status":"open","sticky":false,"template":"","format":"standard","meta":[],"categories":[4],"tags":[],"_links":{"self":[{"href":"http:\/\/isabellarolz.com\/website\/index.php\/wp-json\/wp\/v2\/posts\/168"}],"collection":[{"href":"http:\/\/isabellarolz.com\/website\/index.php\/wp-json\/wp\/v2\/posts"}],"about":[{"href":"http:\/\/isabellarolz.com\/website\/index.php\/wp-json\/wp\/v2\/types\/post"}],"author":[{"embeddable":true,"href":"http:\/\/isabellarolz.com\/website\/index.php\/wp-json\/wp\/v2\/users\/1"}],"replies":[{"embeddable":true,"href":"http:\/\/isabellarolz.com\/website\/index.php\/wp-json\/wp\/v2\/comments?post=168"}],"version-history":[{"count":1,"href":"http:\/\/isabellarolz.com\/website\/index.php\/wp-json\/wp\/v2\/posts\/168\/revisions"}],"predecessor-version":[{"id":169,"href":"http:\/\/isabellarolz.com\/website\/index.php\/wp-json\/wp\/v2\/posts\/168\/revisions\/169"}],"wp:attachment":[{"href":"http:\/\/isabellarolz.com\/website\/index.php\/wp-json\/wp\/v2\/media?parent=168"}],"wp:term":[{"taxonomy":"category","embeddable":true,"href":"http:\/\/isabellarolz.com\/website\/index.php\/wp-json\/wp\/v2\/categories?post=168"},{"taxonomy":"post_tag","embeddable":true,"href":"http:\/\/isabellarolz.com\/website\/index.php\/wp-json\/wp\/v2\/tags?post=168"}],"curies":[{"name":"wp","href":"https:\/\/api.w.org\/{rel}","templated":true}]}}